{"id":694,"date":"2023-07-31T10:53:17","date_gmt":"2023-07-31T10:53:17","guid":{"rendered":"http:\/\/vfsoe.de\/BNE\/?p=694"},"modified":"2024-08-09T16:54:14","modified_gmt":"2024-08-09T16:54:14","slug":"klimaschule-erfurt-2023","status":"publish","type":"post","link":"https:\/\/vfsoe.de\/BNE\/klimaschule-erfurt-2023\/","title":{"rendered":"Klimaschule Erfurt 2023"},"content":{"rendered":"\n<p>Vom 28.08.2023 bis 01.09.2023 findet wieder die Klimaschule Th\u00fcringen statt &#8211; dieses Jahr auf der Rathausbr\u00fccke. Wir bereiten schon flei\u00dfig Workshopangebote und Bildungsmaterialien f\u00fcr Schulklassen vor und auch am Nachmittag wird es wieder ein Programm f\u00fcr alle interessierten Erwachsenen geben. Das alles zum Thema Klimaschutz, Demokratie, Umweltschutz und vieles mehr.<\/p>\n\n\n\n<p>Ein kleiner Einblick in das, was wir schon vorbereitet haben:<br>Workshops, Gespr\u00e4chsrunden und Podien zu Nachhaltigkeit, regenerativen Praktiken und vielen weiteren Themen. Wie k\u00f6nnen wir f\u00fcr ein gutes Stadtklima, sowohl in Bezug auf den Klimawandel als auch im Umgang mit unseren Nachbarn, sorgen? Und wie k\u00f6nnen wir die Energiewende voranbringen und sie demokratisch und sozial gestalten?<\/p>\n\n\n\n<p>Hier geht es zum diesj\u00e4hrigen Stundenplan f\u00fcr Schulklassen:<\/p>\n\n\n\n<p><a href=\"http:\/\/vfsoe.de\/BNE\/thueringen-2023\/\">Stundenplan 2023<\/a><\/p>\n\n\n\n<p>und hier zum Nachmittagsprogramm:<\/p>\n\n\n\n<p><a href=\"http:\/\/vfsoe.de\/BNE\/programm-erfurt-2023\/\">Programm 2023<\/a><\/p>\n\n\n\n<p>Das findet ihr interessant? Dann markiert euch schon mal die Aktionswoche in eurem Kalender und behaltet unseren Social-Media-Accounts im Auge. In der n\u00e4chsten Zeit wird dort noch einiges kommen.<\/p>\n\n\n\n<p><a href=\"https:\/\/www.instagram.com\/klimaschule_thueringen\/\">Instagram<\/a> <\/p>\n\n\n\n<p><a href=\"https:\/\/www.facebook.com\/profile.php?id=100069227103218\">Facebook<\/a><\/p>\n","protected":false},"excerpt":{"rendered":"<p>Vom 28.08.2023 bis 01.09.2023 findet wieder die Klimaschule Th\u00fcringen statt &#8211; dieses Jahr auf der Rathausbr\u00fccke. Wir bereiten schon flei\u00dfig Workshopangebote und Bildungsmaterialien f\u00fcr Schulklassen vor und auch am Nachmittag wird es wieder ein Programm f\u00fcr alle interessierten Erwachsenen geben. Das alles zum Thema Klimaschutz, Demokratie, Umweltschutz und vieles mehr. Ein kleiner Einblick in das, [&hellip;]<\/p>\n","protected":false},"author":3,"featured_media":0,"comment_status":"closed","ping_status":"closed","sticky":false,"template":"","format":"standard","meta":{"footnotes":""},"categories":[1],"tags":[],"class_list":["post-694","post","type-post","status-publish","format-standard","hentry","category-uncategorized"],"_links":{"self":[{"href":"https:\/\/vfsoe.de\/BNE\/wp-json\/wp\/v2\/posts\/694","targetHints":{"allow":["GET"]}}],"collection":[{"href":"https:\/\/vfsoe.de\/BNE\/wp-json\/wp\/v2\/posts"}],"about":[{"href":"https:\/\/vfsoe.de\/BNE\/wp-json\/wp\/v2\/types\/post"}],"author":[{"embeddable":true,"href":"https:\/\/vfsoe.de\/BNE\/wp-json\/wp\/v2\/users\/3"}],"replies":[{"embeddable":true,"href":"https:\/\/vfsoe.de\/BNE\/wp-json\/wp\/v2\/comments?post=694"}],"version-history":[{"count":2,"href":"https:\/\/vfsoe.de\/BNE\/wp-json\/wp\/v2\/posts\/694\/revisions"}],"predecessor-version":[{"id":812,"href":"https:\/\/vfsoe.de\/BNE\/wp-json\/wp\/v2\/posts\/694\/revisions\/812"}],"wp:attachment":[{"href":"https:\/\/vfsoe.de\/BNE\/wp-json\/wp\/v2\/media?parent=694"}],"wp:term":[{"taxonomy":"category","embeddable":true,"href":"https:\/\/vfsoe.de\/BNE\/wp-json\/wp\/v2\/categories?post=694"},{"taxonomy":"post_tag","embeddable":true,"href":"https:\/\/vfsoe.de\/BNE\/wp-json\/wp\/v2\/tags?post=694"}],"curies":[{"name":"wp","href":"https:\/\/api.w.org\/{rel}","templated":true}]}}