{"id":1,"date":"2015-02-19T04:39:32","date_gmt":"2015-02-19T04:39:33","guid":{"rendered":"http:\/\/localhost:8080\/wordpress-4.1.1\/wordpress\/?p=1"},"modified":"2019-07-26T12:23:56","modified_gmt":"2019-07-26T12:23:56","slug":"hello-world","status":"publish","type":"post","link":"https:\/\/vfsoe.de\/?p=1","title":{"rendered":"Tagung: \u00d6konomische Dimension des Friedens &#8211; Solidarische \u00d6konomie"},"content":{"rendered":"<div class=\"newlife-entry-content\">\n<p>Solidarische \u00d6konomie existiert! Die Utopie wird schon in vielen Unternehmen und Regionen Deutschlands und Europas gelebt. Unternehmen und Gemeinwesen sehen sich mit gro\u00dfen<br \/>\nHerausforderungen konfrontiert. Wir verst\u00e4ndigen uns \u00fcber Leitlinien f\u00fcr Weiterbildung, um die bestehenden Solidarischen Wirtschaftsunternehmen zu konsolidieren und neue aufzubauen.<br \/>\nDabei orientieren wir uns an Beispielen erfolgreicher Instrumente und Organisationsformen beim Aufbau einer Gesellschaft und Wirtschaft, die Inklusion f\u00f6rdert, globale Allmenden sowie kulturelle und biologische Vielfalt erh\u00e4lt.<br \/>\nIn Nordhessen gibt es Beispiele Solidarischer Versorgungsketten<br \/>\nErneuerbarer Energien und biologischer Nahrung. Welche Kooperationen zwischen sozialen Akteuren und Kommunen bestehen schon? <a href=\"http:\/\/vfsoe.de\/ausamazonien\/wp-content\/uploads\/2017\/01\/SOE_weiterb_de_MAIL.pdf\">zum Programm<\/a><\/p>\n<pre>Ansprechpartnerin Clarita M\u00fcller-Plantenberg\n\nSie k\u00f6nnen sich anmelden per\n\nPost <a href=\"http:\/\/vfsoe.de\/ausamazonien\/wp-content\/uploads\/2017\/01\/S%C3%96_anmeldung_MAIL.pdf\">zum Formular <\/a>\n\nper Mail muellerp@uni-kassel.de\n\nFragen beantworten wir gerne auch telefonisch +49 15 25 33 97 36 1<\/pre>\n<\/div>\n","protected":false},"excerpt":{"rendered":"<p>Solidarische \u00d6konomie existiert! Die Utopie wird schon in vielen Unternehmen und Regionen Deutschlands und Europas gelebt. Unternehmen und Gemeinwesen sehen sich mit gro\u00dfen Herausforderungen konfrontiert. Wir verst\u00e4ndigen uns \u00fcber Leitlinien f\u00fcr Weiterbildung, um die bestehenden Solidarischen Wirtschaftsunternehmen zu konsolidieren und <a class=\"more-link\" href=\"https:\/\/vfsoe.de\/?p=1\">weiterlesen  <span class=\"screen-reader-text\">  Tagung: \u00d6konomische Dimension des Friedens &#8211; Solidarische \u00d6konomie<\/span><span class=\"meta-nav\">&rarr;<\/span><\/a><\/p>\n","protected":false},"author":1,"featured_media":0,"comment_status":"closed","ping_status":"closed","sticky":false,"template":"","format":"standard","meta":[],"categories":[3],"tags":[4],"_links":{"self":[{"href":"https:\/\/vfsoe.de\/index.php?rest_route=\/wp\/v2\/posts\/1"}],"collection":[{"href":"https:\/\/vfsoe.de\/index.php?rest_route=\/wp\/v2\/posts"}],"about":[{"href":"https:\/\/vfsoe.de\/index.php?rest_route=\/wp\/v2\/types\/post"}],"author":[{"embeddable":true,"href":"https:\/\/vfsoe.de\/index.php?rest_route=\/wp\/v2\/users\/1"}],"replies":[{"embeddable":true,"href":"https:\/\/vfsoe.de\/index.php?rest_route=%2Fwp%2Fv2%2Fcomments&post=1"}],"version-history":[{"count":4,"href":"https:\/\/vfsoe.de\/index.php?rest_route=\/wp\/v2\/posts\/1\/revisions"}],"predecessor-version":[{"id":55,"href":"https:\/\/vfsoe.de\/index.php?rest_route=\/wp\/v2\/posts\/1\/revisions\/55"}],"wp:attachment":[{"href":"https:\/\/vfsoe.de\/index.php?rest_route=%2Fwp%2Fv2%2Fmedia&parent=1"}],"wp:term":[{"taxonomy":"category","embeddable":true,"href":"https:\/\/vfsoe.de\/index.php?rest_route=%2Fwp%2Fv2%2Fcategories&post=1"},{"taxonomy":"post_tag","embeddable":true,"href":"https:\/\/vfsoe.de\/index.php?rest_route=%2Fwp%2Fv2%2Ftags&post=1"}],"curies":[{"name":"wp","href":"https:\/\/api.w.org\/{rel}","templated":true}]}}