{"id":155,"date":"2019-03-19T10:25:53","date_gmt":"2019-03-19T10:25:53","guid":{"rendered":"http:\/\/vfsoe.de\/?p=155"},"modified":"2019-07-26T12:27:36","modified_gmt":"2019-07-26T12:27:36","slug":"fridays-for-future","status":"publish","type":"post","link":"https:\/\/vfsoe.de\/?p=155","title":{"rendered":"Fridays for Future"},"content":{"rendered":"\n<p><strong>Der VFSOE unterst\u00fctzt die weltweiten Proteste<\/strong> <\/p>\n\n\n\n<p>Mehr als 500 Sch\u00fcler*innen trafen sich am Freitag in Erfurt am Anger. \u201eClimate change &#8211; now!\u201c war die Forderung der Sch\u00fcler*innen. Wir waren dabei.<\/p>\n\n\n\n<ul class=\"wp-block-gallery columns-3 is-cropped\"><li class=\"blocks-gallery-item\"><figure><img loading=\"lazy\" width=\"1024\" height=\"768\" src=\"http:\/\/vfsoe.de\/wp-content\/uploads\/2019\/03\/20190315_121748-1024x768.jpg\" alt=\"\" data-id=\"156\" data-link=\"http:\/\/vfsoe.de\/?attachment_id=156\" class=\"wp-image-156\" srcset=\"https:\/\/vfsoe.de\/wp-content\/uploads\/2019\/03\/20190315_121748-1024x768.jpg 1024w, https:\/\/vfsoe.de\/wp-content\/uploads\/2019\/03\/20190315_121748-300x225.jpg 300w, https:\/\/vfsoe.de\/wp-content\/uploads\/2019\/03\/20190315_121748-768x576.jpg 768w\" sizes=\"(max-width: 1024px) 100vw, 1024px\" \/><\/figure><\/li><li class=\"blocks-gallery-item\"><figure><img loading=\"lazy\" width=\"574\" height=\"1024\" src=\"http:\/\/vfsoe.de\/wp-content\/uploads\/2019\/03\/IMG-20190315-WA0011-574x1024.jpg\" alt=\"\" data-id=\"158\" data-link=\"http:\/\/vfsoe.de\/?attachment_id=158\" class=\"wp-image-158\" srcset=\"https:\/\/vfsoe.de\/wp-content\/uploads\/2019\/03\/IMG-20190315-WA0011-574x1024.jpg 574w, https:\/\/vfsoe.de\/wp-content\/uploads\/2019\/03\/IMG-20190315-WA0011-168x300.jpg 168w, https:\/\/vfsoe.de\/wp-content\/uploads\/2019\/03\/IMG-20190315-WA0011-768x1371.jpg 768w, https:\/\/vfsoe.de\/wp-content\/uploads\/2019\/03\/IMG-20190315-WA0011.jpg 896w\" sizes=\"(max-width: 574px) 100vw, 574px\" \/><\/figure><\/li><li class=\"blocks-gallery-item\"><figure><img loading=\"lazy\" width=\"1024\" height=\"768\" src=\"http:\/\/vfsoe.de\/wp-content\/uploads\/2019\/03\/20190315_121700-1024x768.jpg\" alt=\"\" data-id=\"159\" data-link=\"http:\/\/vfsoe.de\/?attachment_id=159\" class=\"wp-image-159\" srcset=\"https:\/\/vfsoe.de\/wp-content\/uploads\/2019\/03\/20190315_121700-1024x768.jpg 1024w, https:\/\/vfsoe.de\/wp-content\/uploads\/2019\/03\/20190315_121700-300x225.jpg 300w, https:\/\/vfsoe.de\/wp-content\/uploads\/2019\/03\/20190315_121700-768x576.jpg 768w\" sizes=\"(max-width: 1024px) 100vw, 1024px\" \/><\/figure><\/li><li class=\"blocks-gallery-item\"><figure><img loading=\"lazy\" width=\"1024\" height=\"768\" src=\"http:\/\/vfsoe.de\/wp-content\/uploads\/2019\/03\/20190315_122852-1024x768.jpg\" alt=\"\" data-id=\"157\" data-link=\"http:\/\/vfsoe.de\/?attachment_id=157\" class=\"wp-image-157\" srcset=\"https:\/\/vfsoe.de\/wp-content\/uploads\/2019\/03\/20190315_122852-1024x768.jpg 1024w, https:\/\/vfsoe.de\/wp-content\/uploads\/2019\/03\/20190315_122852-300x225.jpg 300w, https:\/\/vfsoe.de\/wp-content\/uploads\/2019\/03\/20190315_122852-768x576.jpg 768w\" sizes=\"(max-width: 1024px) 100vw, 1024px\" \/><\/figure><\/li><\/ul>\n\n\n\n<p>Seit 2010 ist der Verein zur F\u00f6rderung der Solidarischen \u00d6konomie e.V. Mitglied der Initiative <a href=\"https:\/\/www.aswnet.de\/asw\/kampagnen\/klimagerechtigkeit.html\">\u201eKlimagerechtigkeit &#8211; jetzt!\u201c<\/a>. Seit 2015 f\u00fchren wir <a href=\"http:\/\/vfsoe.de\/ausamazonien\/274-2\/ \">Sch\u00fclerworkshops<\/a> durch, in denen wir Themen zu Globalisierung und Klimaschutz mit den Sch\u00fcler*innen behandeln und mit ihnen nach M\u00f6glichkeiten zur Gestaltung einer lebenswerten Zukunft suchen. <\/p>\n\n\n\n<p>Seit August 2018 verzichten Sch\u00fcler*innen, motiviert durch\ndie schwedische Aktivistin Greta Thunberg, Freitags auf den Schulunterricht, um\nPolitiker*innen aufzufordern endlich eine nachhaltige Klimapolitik umzusetzten.<\/p>\n\n\n\n<p> Gemeinsam mit den Sch\u00fcler*innen fordert auch der VFSOE <\/p>\n\n\n\n<p style=\"text-align:center\" class=\"has-huge-font-size\"><strong>Climate change \u2013 now!      <\/strong><\/p>\n\n\n\n<p style=\"text-align:center\" class=\"has-huge-font-size\"><strong>Klimagerechtigkeit &#8211; jetzt!\ufeff<\/strong><\/p>\n\n\n\n<p class=\"has-huge-font-size\"><br><\/p>\n\n\n\n<p><br><\/p>\n","protected":false},"excerpt":{"rendered":"<p>Der VFSOE unterst\u00fctzt die weltweiten Proteste Mehr als 500 Sch\u00fcler*innen trafen sich am Freitag in Erfurt am Anger. \u201eClimate change &#8211; now!\u201c war die Forderung der Sch\u00fcler*innen. Wir waren dabei. Seit 2010 ist der Verein zur F\u00f6rderung der Solidarischen \u00d6konomie <a class=\"more-link\" href=\"https:\/\/vfsoe.de\/?p=155\">weiterlesen  <span class=\"screen-reader-text\">  Fridays for Future<\/span><span class=\"meta-nav\">&rarr;<\/span><\/a><\/p>\n","protected":false},"author":1,"featured_media":0,"comment_status":"closed","ping_status":"closed","sticky":false,"template":"","format":"standard","meta":[],"categories":[1],"tags":[],"_links":{"self":[{"href":"https:\/\/vfsoe.de\/index.php?rest_route=\/wp\/v2\/posts\/155"}],"collection":[{"href":"https:\/\/vfsoe.de\/index.php?rest_route=\/wp\/v2\/posts"}],"about":[{"href":"https:\/\/vfsoe.de\/index.php?rest_route=\/wp\/v2\/types\/post"}],"author":[{"embeddable":true,"href":"https:\/\/vfsoe.de\/index.php?rest_route=\/wp\/v2\/users\/1"}],"replies":[{"embeddable":true,"href":"https:\/\/vfsoe.de\/index.php?rest_route=%2Fwp%2Fv2%2Fcomments&post=155"}],"version-history":[{"count":8,"href":"https:\/\/vfsoe.de\/index.php?rest_route=\/wp\/v2\/posts\/155\/revisions"}],"predecessor-version":[{"id":209,"href":"https:\/\/vfsoe.de\/index.php?rest_route=\/wp\/v2\/posts\/155\/revisions\/209"}],"wp:attachment":[{"href":"https:\/\/vfsoe.de\/index.php?rest_route=%2Fwp%2Fv2%2Fmedia&parent=155"}],"wp:term":[{"taxonomy":"category","embeddable":true,"href":"https:\/\/vfsoe.de\/index.php?rest_route=%2Fwp%2Fv2%2Fcategories&post=155"},{"taxonomy":"post_tag","embeddable":true,"href":"https:\/\/vfsoe.de\/index.php?rest_route=%2Fwp%2Fv2%2Ftags&post=155"}],"curies":[{"name":"wp","href":"https:\/\/api.w.org\/{rel}","templated":true}]}}