{"id":274,"date":"2019-11-22T10:21:06","date_gmt":"2019-11-22T10:21:06","guid":{"rendered":"http:\/\/vfsoe.de\/?p=274"},"modified":"2019-11-25T21:05:20","modified_gmt":"2019-11-25T21:05:20","slug":"neustart-klima-wir-sind-dabei","status":"publish","type":"post","link":"https:\/\/vfsoe.de\/?p=274","title":{"rendered":"#Neustart Klima &#8211; Wir sind dabei!"},"content":{"rendered":"\n<h3>Mit Workshops an drei Th\u00fcringer Universit\u00e4ten<\/h3>\n\n\n\n<p><strong>26.11. Weimar<\/strong> I  <strong>27.11. Jena<\/strong> I <strong>28.11. Erfurt<\/strong>   <\/p>\n\n\n\n<p><strong>Students For Future Deutschland<\/strong> ruft f\u00fcr die Woche vom <strong>25. bis zum 29. November 2019<\/strong>, zur Bestreikung des regul\u00e4ren Lehrbetriebs der Hochschulen und Universit\u00e4ten auf.\n\n<\/p>\n\n\n\n<p>Wir wollen mit euch diskutieren:<\/p>\n\n\n\n<p><strong>Nachhaltige Wirtschaftsweisen am Amazonas bedroht durch Monokulturen und Energiegro\u00dfprojekte<\/strong><\/p>\n\n\n\n<figure class=\"wp-block-image\"><img loading=\"lazy\" width=\"1024\" height=\"635\" src=\"http:\/\/vfsoe.de\/wp-content\/uploads\/2019\/11\/Bedrohungen-1024x635.jpg\" alt=\"\" class=\"wp-image-291\" srcset=\"https:\/\/vfsoe.de\/wp-content\/uploads\/2019\/11\/Bedrohungen-1024x635.jpg 1024w, https:\/\/vfsoe.de\/wp-content\/uploads\/2019\/11\/Bedrohungen-300x186.jpg 300w, https:\/\/vfsoe.de\/wp-content\/uploads\/2019\/11\/Bedrohungen-768x476.jpg 768w, https:\/\/vfsoe.de\/wp-content\/uploads\/2019\/11\/Bedrohungen.jpg 1107w\" sizes=\"(max-width: 1024px) 100vw, 1024px\" \/><\/figure>\n\n\n\n<p>Der Regenwald Amazoniens ist bedroht! Monokulturen, Energiegro\u00dfprojekte und das Streben nach Profiten greifen massiv in das sensible \u00d6kosystem ein. Die Auswirkungen sp\u00fcren wir weltweit. Dabei wird der amazonensische Regenwald seit Jahrtausenden vom Menschen genutzt. In dieser Zeit eigneten sich die BewohnerInnen ein umfassendes Wissen \u00fcber das \u00d6kosystem an und entwickelten Bewirtschaftungmodelle und Umweltschutzregeln, die nicht nur dem Erhalt des Waldes dienen, sondern auch zur Verfielf\u00e4ltigung der Arten beitragen. Zuwanderer aus Europa und Afrika (entflohene Sklaven und ehemalige Kleinbauern) adapierten dieses Wissen, um sich und ihre Familien ern\u00e4hren zu k\u00f6nnen. Doch durch die Rodungen verschwindet dieses Wissen und die Chance den tropischen Regenwald in seinen Funktionen, unter anderem als Wasserspeicher und Sauerstoffproduzenten zu erhalten.<\/p>\n\n\n\n<p>Im Workshop betrachten wir alternative Wirtschaftssysteme in\nAmazonien und ihre Bedrohungen durch Monokulturen und Energiegro\u00dfprojekte.<\/p>\n\n\n\n<p>Dabei gehen wir den Fragen nach: Welche Rolle spielt Deutschland bei der Durchf\u00fchrung von Gro\u00dfprojekten in Amazonien? und: Welche Handlungsoptionen k\u00f6nnen ausgesch\u00f6pft werden?<\/p>\n\n\n\n<p><strong>26.11. Weimar,<\/strong> 09:30 bis 11:30 Uhr Konferenzraum, Marienstra\u00dfe 18 <\/p>\n\n\n\n<p><strong>27.11. Jena<\/strong>,12:00 bis 14:00 Uhr<strong>, <\/strong>Campus der FSU, H\u00f6rsaal 7 (Carl-Zeiss-Str.3 \/\/ Ernst-Abbe-Platz)<\/p>\n\n\n\n<p><strong>28.11. Erfurt<\/strong>, 12:00 bis 14:00 Uhr, Lehrgeb\u00e4ude 2, Raum 200  <\/p>\n\n\n\n<p><\/p>\n\n\n\n<figure class=\"wp-block-image\"><img loading=\"lazy\" width=\"1024\" height=\"726\" src=\"http:\/\/vfsoe.de\/wp-content\/uploads\/2019\/11\/Flyer_Klimastreikwoche_Erfurt-1024x726.jpg\" alt=\"\" class=\"wp-image-275\" srcset=\"https:\/\/vfsoe.de\/wp-content\/uploads\/2019\/11\/Flyer_Klimastreikwoche_Erfurt-1024x726.jpg 1024w, https:\/\/vfsoe.de\/wp-content\/uploads\/2019\/11\/Flyer_Klimastreikwoche_Erfurt-300x213.jpg 300w, https:\/\/vfsoe.de\/wp-content\/uploads\/2019\/11\/Flyer_Klimastreikwoche_Erfurt-768x544.jpg 768w, https:\/\/vfsoe.de\/wp-content\/uploads\/2019\/11\/Flyer_Klimastreikwoche_Erfurt.jpg 2048w\" sizes=\"(max-width: 1024px) 100vw, 1024px\" \/><\/figure>\n","protected":false},"excerpt":{"rendered":"<p>Mit Workshops an drei Th\u00fcringer Universit\u00e4ten 26.11. Weimar I 27.11. Jena I 28.11. Erfurt Students For Future Deutschland ruft f\u00fcr die Woche vom 25. bis zum 29. November 2019, zur Bestreikung des regul\u00e4ren Lehrbetriebs der Hochschulen und Universit\u00e4ten auf. Wir <a class=\"more-link\" href=\"https:\/\/vfsoe.de\/?p=274\">weiterlesen  <span class=\"screen-reader-text\">  #Neustart Klima &#8211; Wir sind dabei!<\/span><span class=\"meta-nav\">&rarr;<\/span><\/a><\/p>\n","protected":false},"author":1,"featured_media":0,"comment_status":"closed","ping_status":"closed","sticky":false,"template":"","format":"standard","meta":[],"categories":[3],"tags":[],"_links":{"self":[{"href":"https:\/\/vfsoe.de\/index.php?rest_route=\/wp\/v2\/posts\/274"}],"collection":[{"href":"https:\/\/vfsoe.de\/index.php?rest_route=\/wp\/v2\/posts"}],"about":[{"href":"https:\/\/vfsoe.de\/index.php?rest_route=\/wp\/v2\/types\/post"}],"author":[{"embeddable":true,"href":"https:\/\/vfsoe.de\/index.php?rest_route=\/wp\/v2\/users\/1"}],"replies":[{"embeddable":true,"href":"https:\/\/vfsoe.de\/index.php?rest_route=%2Fwp%2Fv2%2Fcomments&post=274"}],"version-history":[{"count":14,"href":"https:\/\/vfsoe.de\/index.php?rest_route=\/wp\/v2\/posts\/274\/revisions"}],"predecessor-version":[{"id":303,"href":"https:\/\/vfsoe.de\/index.php?rest_route=\/wp\/v2\/posts\/274\/revisions\/303"}],"wp:attachment":[{"href":"https:\/\/vfsoe.de\/index.php?rest_route=%2Fwp%2Fv2%2Fmedia&parent=274"}],"wp:term":[{"taxonomy":"category","embeddable":true,"href":"https:\/\/vfsoe.de\/index.php?rest_route=%2Fwp%2Fv2%2Fcategories&post=274"},{"taxonomy":"post_tag","embeddable":true,"href":"https:\/\/vfsoe.de\/index.php?rest_route=%2Fwp%2Fv2%2Ftags&post=274"}],"curies":[{"name":"wp","href":"https:\/\/api.w.org\/{rel}","templated":true}]}}